{"id":6041,"date":"2023-04-05T22:40:03","date_gmt":"2023-04-05T22:40:03","guid":{"rendered":"https:\/\/diegogiusti.it\/?p=6041"},"modified":"2023-04-11T07:39:41","modified_gmt":"2023-04-11T07:39:41","slug":"la-mia-attrezzatura-come-fotografo-di-matrimoni","status":"publish","type":"post","link":"https:\/\/diegogiusti.it\/en\/la-mia-attrezzatura-come-fotografo-di-matrimoni\/","title":{"rendered":"My equipment as a wedding photographer"},"content":{"rendered":"<p><section id=\"bt_bb_section69f1de865cff9\" class=\"bt_bb_section bt_bb_layout_boxed_1200\"  data-bt-override-class=\"null\"><div class=\"bt_bb_port\"><div class=\"bt_bb_cell\"><div class=\"bt_bb_cell_inner\"><div class=\"bt_bb_row\"  data-bt-override-class=\"{}\"><div class=\"bt_bb_row_holder\" ><div  class=\"bt_bb_column col-xxl-12 col-xl-12 col-xs-12 col-sm-12 col-md-12 col-lg-12 bt_bb_vertical_align_top bt_bb_align_left bt_bb_padding_normal\" style=\"; --column-width:12;\" data-width=\"12\" data-bt-override-class=\"{}\"><div class=\"bt_bb_column_content\"><div class=\"bt_bb_column_content_inner\"><div  class=\"bt_bb_text\" ><\/p>\n<h2><\/h2>\n<p>L\u2019attrezzatura dice molto di un fotografo e del suo modo di scattare. Potremmo quasi dire che rispecchia la sua filosofia e la sua visione. Quando si parla poi di fotografia matrimoniale, \u00e8 ancora pi\u00f9 importante sia per capire l\u2019approccio al servizio ma anche per avere conferma della qualit\u00e0 dello stesso. Certo, l\u2019occhio di un fotografo \u00e8 ci\u00f2 che fa la differenza a prescindere da qualsiasi mezzo possa utilizzare, ma l\u2019attrezzatura pu\u00f2 comunque fare la differenza, soprattutto in certe situazioni.<\/p>\n<p>\n<\/div><div class=\"bt_bb_separator bt_bb_border_style_none bt_bb_top_spacing_30 bt_bb_bottom_spacing_none\" data-bt-override-class=\"{&quot;bt_bb_top_spacing_&quot;:{&quot;current_class&quot;:&quot;bt_bb_top_spacing_30&quot;,&quot;def&quot;:&quot;30&quot;,&quot;xl&quot;:&quot;30&quot;},&quot;bt_bb_bottom_spacing_&quot;:{&quot;current_class&quot;:&quot;bt_bb_bottom_spacing_none&quot;,&quot;def&quot;:&quot;none&quot;,&quot;xl&quot;:&quot;none&quot;}}\"><\/div><\/div><\/div><\/div><\/div><\/div><div class=\"bt_bb_row\"  data-bt-override-class=\"{}\"><div class=\"bt_bb_row_holder\" ><\/div><\/div><\/div><!-- cell_inner --><\/div><!-- cell --><\/div><!-- port --><\/section><section id=\"bt_bb_section69f1de865d3b1\" class=\"bt_bb_section bt_bb_layout_boxed_1200\"  data-bt-override-class=\"null\"><div class=\"bt_bb_port\"><div class=\"bt_bb_cell\"><div class=\"bt_bb_cell_inner\"><div class=\"bt_bb_row\"  data-bt-override-class=\"{}\"><div class=\"bt_bb_row_holder\" ><div  class=\"bt_bb_column col-xxl-6 col-xl-6 col-xs-12 col-sm-6 col-md-6 col-lg-6 bt_bb_vertical_align_top bt_bb_align_left bt_bb_padding_normal\" style=\"; --column-width:6;\" data-width=\"6\" data-bt-override-class=\"{}\"><div class=\"bt_bb_column_content\"><div class=\"bt_bb_column_content_inner\"><div  class=\"bt_bb_text\" ><\/p>\n<h2><\/h2>\n<h4><strong><em>Da reflex a mirrorless<\/em><\/strong><\/h4>\n<p>Ho cominciato in fotografia con una Nikon D80, con la quale ho imparato le basi e la tecnica della fotografia digitale sperimentando in vari ambiti fra i quali il teatro, ritratti in studio e paesaggi.<\/p>\n<p>Da anni per\u00f2 non uso pi\u00f9 reflex. Ho scelto di passare alle mirrorless. Questo perch\u00e9 mi danno possibilit\u00e0 di scattare silenziosamente, divenendo quasi invisibili agli occhi dei soggetti da ritrarre che in nessun modo si sentono condizionati. In questo modo riesco a ottenere immagini pi\u00f9 da reportage e ci\u00f2 ha dei grandi benefici quando mi trovo a scattare servizi fotografici di matrimonio e devo catturare emozioni istantanee in pochissimi secondi.<\/p>\n<p>Inoltre la mirrorless consente di avere meno ingombro e meno peso, sia per viaggiare che durante le sessioni fotografiche.<\/p>\n<p>\n<\/div><div class=\"bt_bb_separator bt_bb_border_style_none bt_bb_top_spacing_30 bt_bb_bottom_spacing_none\" data-bt-override-class=\"{&quot;bt_bb_top_spacing_&quot;:{&quot;current_class&quot;:&quot;bt_bb_top_spacing_30&quot;,&quot;def&quot;:&quot;30&quot;,&quot;xl&quot;:&quot;30&quot;},&quot;bt_bb_bottom_spacing_&quot;:{&quot;current_class&quot;:&quot;bt_bb_bottom_spacing_none&quot;,&quot;def&quot;:&quot;none&quot;,&quot;xl&quot;:&quot;none&quot;}}\"><\/div><\/div><\/div><\/div><div  class=\"bt_bb_column col-xxl-6 col-xl-6 col-xs-12 col-sm-6 col-md-6 col-lg-6 bt_bb_vertical_align_top bt_bb_align_left bt_bb_padding_normal\" style=\"; --column-width:6;\" data-width=\"6\" data-bt-override-class=\"{}\"><div class=\"bt_bb_column_content\"><div class=\"bt_bb_column_content_inner\"><div class=\"bt_bb_image bt_bb_shape_square bt_bb_target_self bt_bb_align_inherit bt_bb_hover_style_simple bt_bb_content_display_always bt_bb_content_align_middle\" data-bt-override-class=\"{&quot;bt_bb_align_&quot;:{&quot;current_class&quot;:&quot;bt_bb_align_inherit&quot;,&quot;def&quot;:&quot;inherit&quot;,&quot;xl&quot;:&quot;inherit&quot;}}\"><span><img width=\"770\" height=\"513\" src=\"https:\/\/diegogiusti.it\/wp-content\/uploads\/2023\/04\/HIllary-Grigonis-The-Phoblographer-Nikon-Z6-II-review-HKG_2966-770x513-1.jpg\" class=\"attachment-full size-full\" alt=\"https:\/\/diegogiusti.it\/wp-content\/uploads\/2023\/04\/HIllary-Grigonis-The-Phoblographer-Nikon-Z6-II-review-HKG_2966-770x513-1.jpg\" decoding=\"async\" loading=\"lazy\" data-full_image_src=\"https:\/\/diegogiusti.it\/wp-content\/uploads\/2023\/04\/HIllary-Grigonis-The-Phoblographer-Nikon-Z6-II-review-HKG_2966-770x513-1.jpg\" title=\"HIllary-Grigonis-The-Phoblographer-Nikon-Z6-II-review-HKG_2966-770x513\" srcset=\"https:\/\/diegogiusti.it\/wp-content\/uploads\/2023\/04\/HIllary-Grigonis-The-Phoblographer-Nikon-Z6-II-review-HKG_2966-770x513-1.jpg 770w, https:\/\/diegogiusti.it\/wp-content\/uploads\/2023\/04\/HIllary-Grigonis-The-Phoblographer-Nikon-Z6-II-review-HKG_2966-770x513-1-640x426.jpg 640w, https:\/\/diegogiusti.it\/wp-content\/uploads\/2023\/04\/HIllary-Grigonis-The-Phoblographer-Nikon-Z6-II-review-HKG_2966-770x513-1-768x512.jpg 768w, https:\/\/diegogiusti.it\/wp-content\/uploads\/2023\/04\/HIllary-Grigonis-The-Phoblographer-Nikon-Z6-II-review-HKG_2966-770x513-1-18x12.jpg 18w, https:\/\/diegogiusti.it\/wp-content\/uploads\/2023\/04\/HIllary-Grigonis-The-Phoblographer-Nikon-Z6-II-review-HKG_2966-770x513-1-320x213.jpg 320w, https:\/\/diegogiusti.it\/wp-content\/uploads\/2023\/04\/HIllary-Grigonis-The-Phoblographer-Nikon-Z6-II-review-HKG_2966-770x513-1-540x360.jpg 540w\" sizes=\"(max-width: 770px) 100vw, 770px\" \/><\/span><\/div><div class=\"bt_bb_separator bt_bb_border_style_none bt_bb_top_spacing_normal bt_bb_bottom_spacing_normal\" data-bt-override-class=\"{&quot;bt_bb_top_spacing_&quot;:{&quot;current_class&quot;:&quot;bt_bb_top_spacing_normal&quot;,&quot;def&quot;:&quot;normal&quot;,&quot;xl&quot;:&quot;normal&quot;},&quot;bt_bb_bottom_spacing_&quot;:{&quot;current_class&quot;:&quot;bt_bb_bottom_spacing_normal&quot;,&quot;def&quot;:&quot;normal&quot;,&quot;xl&quot;:&quot;normal&quot;}}\"><\/div><div class=\"bt_bb_image bt_bb_shape_square bt_bb_target_self bt_bb_align_inherit bt_bb_hover_style_simple bt_bb_content_display_always bt_bb_content_align_middle\" data-bt-override-class=\"{&quot;bt_bb_align_&quot;:{&quot;current_class&quot;:&quot;bt_bb_align_inherit&quot;,&quot;def&quot;:&quot;inherit&quot;,&quot;xl&quot;:&quot;inherit&quot;}}\"><span><img width=\"960\" height=\"636\" src=\"https:\/\/diegogiusti.it\/wp-content\/uploads\/2023\/04\/fullframe-7439383_960_720.jpg\" class=\"attachment-full size-full\" alt=\"https:\/\/diegogiusti.it\/wp-content\/uploads\/2023\/04\/fullframe-7439383_960_720.jpg\" decoding=\"async\" loading=\"lazy\" data-full_image_src=\"https:\/\/diegogiusti.it\/wp-content\/uploads\/2023\/04\/fullframe-7439383_960_720.jpg\" title=\"fullframe-7439383_960_720\" srcset=\"https:\/\/diegogiusti.it\/wp-content\/uploads\/2023\/04\/fullframe-7439383_960_720.jpg 960w, https:\/\/diegogiusti.it\/wp-content\/uploads\/2023\/04\/fullframe-7439383_960_720-640x424.jpg 640w, https:\/\/diegogiusti.it\/wp-content\/uploads\/2023\/04\/fullframe-7439383_960_720-768x509.jpg 768w, https:\/\/diegogiusti.it\/wp-content\/uploads\/2023\/04\/fullframe-7439383_960_720-18x12.jpg 18w, https:\/\/diegogiusti.it\/wp-content\/uploads\/2023\/04\/fullframe-7439383_960_720-320x212.jpg 320w\" sizes=\"(max-width: 960px) 100vw, 960px\" \/><\/span><\/div><div class=\"bt_bb_separator bt_bb_border_style_none bt_bb_top_spacing_normal bt_bb_bottom_spacing_normal\" data-bt-override-class=\"{&quot;bt_bb_top_spacing_&quot;:{&quot;current_class&quot;:&quot;bt_bb_top_spacing_normal&quot;,&quot;def&quot;:&quot;normal&quot;,&quot;xl&quot;:&quot;normal&quot;},&quot;bt_bb_bottom_spacing_&quot;:{&quot;current_class&quot;:&quot;bt_bb_bottom_spacing_normal&quot;,&quot;def&quot;:&quot;normal&quot;,&quot;xl&quot;:&quot;normal&quot;}}\"><\/div><\/div><\/div><\/div><\/div><\/div><div class=\"bt_bb_row\"  data-bt-override-class=\"{}\"><div class=\"bt_bb_row_holder\" ><\/div><\/div><\/div><!-- cell_inner --><\/div><!-- cell --><\/div><!-- port --><\/section><section id=\"bt_bb_section69f1de865e70a\" class=\"bt_bb_section bt_bb_layout_boxed_1200\"  data-bt-override-class=\"null\"><div class=\"bt_bb_port\"><div class=\"bt_bb_cell\"><div class=\"bt_bb_cell_inner\"><div class=\"bt_bb_row\"  data-bt-override-class=\"{}\"><div class=\"bt_bb_row_holder\" ><div  class=\"bt_bb_column col-xxl-6 col-xl-6 col-xs-12 col-sm-6 col-md-6 col-lg-6 bt_bb_vertical_align_top bt_bb_align_left bt_bb_padding_normal\" style=\"; --column-width:6;\" data-width=\"6\" data-bt-override-class=\"{}\"><div class=\"bt_bb_column_content\"><div class=\"bt_bb_column_content_inner\"><div  class=\"bt_bb_text\" ><\/p>\n<h2><\/h2>\n<h4><strong><em>Corredo fotografico<\/em><\/strong><\/h4>\n<p>Il mio corredo \u00e8 tutto Nikon per ci\u00f2 che concerne la parte puramente fotografica. Per me \u00e8 una garanzia per la sicurezza, l\u2019assistenza tecnica e la qualit\u00e0 che offre. Le immagini escono esattamente come piacciono a me in termini di tonalit\u00e0, grana e impasto.<\/p>\n<p>\n<\/div><div class=\"bt_bb_separator bt_bb_border_style_none bt_bb_top_spacing_30 bt_bb_bottom_spacing_none\" data-bt-override-class=\"{&quot;bt_bb_top_spacing_&quot;:{&quot;current_class&quot;:&quot;bt_bb_top_spacing_30&quot;,&quot;def&quot;:&quot;30&quot;,&quot;xl&quot;:&quot;30&quot;},&quot;bt_bb_bottom_spacing_&quot;:{&quot;current_class&quot;:&quot;bt_bb_bottom_spacing_none&quot;,&quot;def&quot;:&quot;none&quot;,&quot;xl&quot;:&quot;none&quot;}}\"><\/div><\/div><\/div><\/div><div  class=\"bt_bb_column col-xxl-6 col-xl-6 col-xs-12 col-sm-6 col-md-6 col-lg-6 bt_bb_vertical_align_top bt_bb_align_left bt_bb_padding_normal\" style=\"; --column-width:6;\" data-width=\"6\" data-bt-override-class=\"{}\"><div class=\"bt_bb_column_content\"><div class=\"bt_bb_column_content_inner\"><div class=\"bt_bb_image bt_bb_shape_square bt_bb_target_self bt_bb_align_inherit bt_bb_hover_style_simple bt_bb_content_display_always bt_bb_content_align_middle\" data-bt-override-class=\"{&quot;bt_bb_align_&quot;:{&quot;current_class&quot;:&quot;bt_bb_align_inherit&quot;,&quot;def&quot;:&quot;inherit&quot;,&quot;xl&quot;:&quot;inherit&quot;}}\"><span><img width=\"940\" height=\"627\" src=\"https:\/\/diegogiusti.it\/wp-content\/uploads\/2023\/04\/Nikon_Z6_II_lead.webp\" class=\"attachment-full size-full\" alt=\"https:\/\/diegogiusti.it\/wp-content\/uploads\/2023\/04\/Nikon_Z6_II_lead.webp\" decoding=\"async\" loading=\"lazy\" data-full_image_src=\"https:\/\/diegogiusti.it\/wp-content\/uploads\/2023\/04\/Nikon_Z6_II_lead.webp\" title=\"Nikon_Z6_II_lead\" srcset=\"https:\/\/diegogiusti.it\/wp-content\/uploads\/2023\/04\/Nikon_Z6_II_lead.webp 940w, https:\/\/diegogiusti.it\/wp-content\/uploads\/2023\/04\/Nikon_Z6_II_lead-640x427.webp 640w, https:\/\/diegogiusti.it\/wp-content\/uploads\/2023\/04\/Nikon_Z6_II_lead-768x512.webp 768w, https:\/\/diegogiusti.it\/wp-content\/uploads\/2023\/04\/Nikon_Z6_II_lead-18x12.webp 18w, https:\/\/diegogiusti.it\/wp-content\/uploads\/2023\/04\/Nikon_Z6_II_lead-320x213.webp 320w, https:\/\/diegogiusti.it\/wp-content\/uploads\/2023\/04\/Nikon_Z6_II_lead-540x360.webp 540w\" sizes=\"(max-width: 940px) 100vw, 940px\" \/><\/span><\/div><div class=\"bt_bb_separator bt_bb_border_style_none bt_bb_top_spacing_normal bt_bb_bottom_spacing_normal\" data-bt-override-class=\"{&quot;bt_bb_top_spacing_&quot;:{&quot;current_class&quot;:&quot;bt_bb_top_spacing_normal&quot;,&quot;def&quot;:&quot;normal&quot;,&quot;xl&quot;:&quot;normal&quot;},&quot;bt_bb_bottom_spacing_&quot;:{&quot;current_class&quot;:&quot;bt_bb_bottom_spacing_normal&quot;,&quot;def&quot;:&quot;normal&quot;,&quot;xl&quot;:&quot;normal&quot;}}\"><\/div><\/div><\/div><\/div><\/div><\/div><div class=\"bt_bb_row\"  data-bt-override-class=\"{}\"><div class=\"bt_bb_row_holder\" ><\/div><\/div><\/div><!-- cell_inner --><\/div><!-- cell --><\/div><!-- port --><\/section><section id=\"bt_bb_section69f1de865f2fa\" class=\"bt_bb_section bt_bb_layout_boxed_1200\"  data-bt-override-class=\"null\"><div class=\"bt_bb_port\"><div class=\"bt_bb_cell\"><div class=\"bt_bb_cell_inner\"><div class=\"bt_bb_row\"  data-bt-override-class=\"{}\"><div class=\"bt_bb_row_holder\" ><div  class=\"bt_bb_column col-xxl-6 col-xl-6 col-xs-12 col-sm-6 col-md-6 col-lg-6 bt_bb_vertical_align_top bt_bb_align_left bt_bb_padding_normal\" style=\"; --column-width:6;\" data-width=\"6\" data-bt-override-class=\"{}\"><div class=\"bt_bb_column_content\"><div class=\"bt_bb_column_content_inner\"><div  class=\"bt_bb_text\" ><\/p>\n<h2><\/h2>\n<h4><strong><em>2 Nikon Z6 II<\/em><\/strong><\/h4>\n<h4><strong><em>Obiettivi serie Z 24 mm \u2013 35 mm \u2013 85 mm focale 1.8<\/em><\/strong><\/h4>\n<p>Scatto solo con obiettivi fissi per una questione di qualit\u00e0. Ma anche per esercizio personale, per sforzarmi a essere coinvolto in ci\u00f2 che sto fotografando, per non rubare lo scatto ma viverlo pienamente cos\u00ec da coglierne ogni minimo dettaglio e sfumatura. Vi assicuro che \u00e8 tutta un\u2019altra cosa rispetto a scattare con uno zoom.<\/p>\n<p>Per i viaggi e i matrimoni utilizzo spesso la stessa attrezzatura, ossia focali corte e fisse. Tendo ad un approccio immersivo perch\u00e9 dal soggetto non si fugge ma ci si avvicina.<\/p>\n<p>\n<\/div><div class=\"bt_bb_separator bt_bb_border_style_none bt_bb_top_spacing_30 bt_bb_bottom_spacing_none\" data-bt-override-class=\"{&quot;bt_bb_top_spacing_&quot;:{&quot;current_class&quot;:&quot;bt_bb_top_spacing_30&quot;,&quot;def&quot;:&quot;30&quot;,&quot;xl&quot;:&quot;30&quot;},&quot;bt_bb_bottom_spacing_&quot;:{&quot;current_class&quot;:&quot;bt_bb_bottom_spacing_none&quot;,&quot;def&quot;:&quot;none&quot;,&quot;xl&quot;:&quot;none&quot;}}\"><\/div><\/div><\/div><\/div><div  class=\"bt_bb_column col-xxl-6 col-xl-6 col-xs-12 col-sm-6 col-md-6 col-lg-6 bt_bb_vertical_align_top bt_bb_align_left bt_bb_padding_normal\" style=\"; --column-width:6;\" data-width=\"6\" data-bt-override-class=\"{}\"><div class=\"bt_bb_column_content\"><div class=\"bt_bb_column_content_inner\"><div class=\"bt_bb_image bt_bb_shape_square bt_bb_target_self bt_bb_align_inherit bt_bb_hover_style_simple bt_bb_content_display_always bt_bb_content_align_middle\" data-bt-override-class=\"{&quot;bt_bb_align_&quot;:{&quot;current_class&quot;:&quot;bt_bb_align_inherit&quot;,&quot;def&quot;:&quot;inherit&quot;,&quot;xl&quot;:&quot;inherit&quot;}}\"><span><img width=\"640\" height=\"363\" src=\"https:\/\/diegogiusti.it\/wp-content\/uploads\/2023\/04\/Nikon-Z7-e-Z6-sono-i-nomi-delle-nuove-mirrorless-full-frame-640x363-1.jpg\" class=\"attachment-full size-full\" alt=\"https:\/\/diegogiusti.it\/wp-content\/uploads\/2023\/04\/Nikon-Z7-e-Z6-sono-i-nomi-delle-nuove-mirrorless-full-frame-640x363-1.jpg\" decoding=\"async\" loading=\"lazy\" data-full_image_src=\"https:\/\/diegogiusti.it\/wp-content\/uploads\/2023\/04\/Nikon-Z7-e-Z6-sono-i-nomi-delle-nuove-mirrorless-full-frame-640x363-1.jpg\" title=\"Nikon-Z7-e-Z6-sono-i-nomi-delle-nuove-mirrorless-full-frame-640x363\" srcset=\"https:\/\/diegogiusti.it\/wp-content\/uploads\/2023\/04\/Nikon-Z7-e-Z6-sono-i-nomi-delle-nuove-mirrorless-full-frame-640x363-1.jpg 640w, https:\/\/diegogiusti.it\/wp-content\/uploads\/2023\/04\/Nikon-Z7-e-Z6-sono-i-nomi-delle-nuove-mirrorless-full-frame-640x363-1-18x10.jpg 18w, https:\/\/diegogiusti.it\/wp-content\/uploads\/2023\/04\/Nikon-Z7-e-Z6-sono-i-nomi-delle-nuove-mirrorless-full-frame-640x363-1-320x182.jpg 320w\" sizes=\"(max-width: 640px) 100vw, 640px\" \/><\/span><\/div><div class=\"bt_bb_separator bt_bb_border_style_none bt_bb_top_spacing_normal bt_bb_bottom_spacing_normal\" data-bt-override-class=\"{&quot;bt_bb_top_spacing_&quot;:{&quot;current_class&quot;:&quot;bt_bb_top_spacing_normal&quot;,&quot;def&quot;:&quot;normal&quot;,&quot;xl&quot;:&quot;normal&quot;},&quot;bt_bb_bottom_spacing_&quot;:{&quot;current_class&quot;:&quot;bt_bb_bottom_spacing_normal&quot;,&quot;def&quot;:&quot;normal&quot;,&quot;xl&quot;:&quot;normal&quot;}}\"><\/div><div class=\"bt_bb_image bt_bb_shape_square bt_bb_target_self bt_bb_align_inherit bt_bb_hover_style_simple bt_bb_content_display_always bt_bb_content_align_middle\" data-bt-override-class=\"{&quot;bt_bb_align_&quot;:{&quot;current_class&quot;:&quot;bt_bb_align_inherit&quot;,&quot;def&quot;:&quot;inherit&quot;,&quot;xl&quot;:&quot;inherit&quot;}}\"><span><img width=\"1024\" height=\"539\" src=\"https:\/\/diegogiusti.it\/wp-content\/uploads\/2023\/04\/Nikon-Nikkor-Z-mirrorless-lens-lineup-1024x539-1.jpg\" class=\"attachment-full size-full\" alt=\"https:\/\/diegogiusti.it\/wp-content\/uploads\/2023\/04\/Nikon-Nikkor-Z-mirrorless-lens-lineup-1024x539-1.jpg\" decoding=\"async\" loading=\"lazy\" data-full_image_src=\"https:\/\/diegogiusti.it\/wp-content\/uploads\/2023\/04\/Nikon-Nikkor-Z-mirrorless-lens-lineup-1024x539-1.jpg\" title=\"Nikon-Nikkor-Z-mirrorless-lens-lineup-1024x539\" srcset=\"https:\/\/diegogiusti.it\/wp-content\/uploads\/2023\/04\/Nikon-Nikkor-Z-mirrorless-lens-lineup-1024x539-1.jpg 1024w, https:\/\/diegogiusti.it\/wp-content\/uploads\/2023\/04\/Nikon-Nikkor-Z-mirrorless-lens-lineup-1024x539-1-640x337.jpg 640w, https:\/\/diegogiusti.it\/wp-content\/uploads\/2023\/04\/Nikon-Nikkor-Z-mirrorless-lens-lineup-1024x539-1-768x404.jpg 768w, https:\/\/diegogiusti.it\/wp-content\/uploads\/2023\/04\/Nikon-Nikkor-Z-mirrorless-lens-lineup-1024x539-1-18x9.jpg 18w, https:\/\/diegogiusti.it\/wp-content\/uploads\/2023\/04\/Nikon-Nikkor-Z-mirrorless-lens-lineup-1024x539-1-320x168.jpg 320w\" sizes=\"(max-width: 1024px) 100vw, 1024px\" \/><\/span><\/div><div class=\"bt_bb_separator bt_bb_border_style_none bt_bb_top_spacing_normal bt_bb_bottom_spacing_normal\" data-bt-override-class=\"{&quot;bt_bb_top_spacing_&quot;:{&quot;current_class&quot;:&quot;bt_bb_top_spacing_normal&quot;,&quot;def&quot;:&quot;normal&quot;,&quot;xl&quot;:&quot;normal&quot;},&quot;bt_bb_bottom_spacing_&quot;:{&quot;current_class&quot;:&quot;bt_bb_bottom_spacing_normal&quot;,&quot;def&quot;:&quot;normal&quot;,&quot;xl&quot;:&quot;normal&quot;}}\"><\/div><\/div><\/div><\/div><\/div><\/div><div class=\"bt_bb_row\"  data-bt-override-class=\"{}\"><div class=\"bt_bb_row_holder\" ><\/div><\/div><\/div><!-- cell_inner --><\/div><!-- cell --><\/div><!-- port --><\/section><section id=\"bt_bb_section69f1de86606fb\" class=\"bt_bb_section bt_bb_layout_boxed_1200\"  data-bt-override-class=\"null\"><div class=\"bt_bb_port\"><div class=\"bt_bb_cell\"><div class=\"bt_bb_cell_inner\"><div class=\"bt_bb_row\"  data-bt-override-class=\"{}\"><div class=\"bt_bb_row_holder\" ><div  class=\"bt_bb_column col-xxl-12 col-xl-12 col-xs-12 col-sm-12 col-md-12 col-lg-12 bt_bb_vertical_align_top bt_bb_align_left bt_bb_padding_normal\" style=\"; --column-width:12;\" data-width=\"12\" data-bt-override-class=\"{}\"><div class=\"bt_bb_column_content\"><div class=\"bt_bb_column_content_inner\"><div  class=\"bt_bb_text\" ><\/p>\n<h2><\/h2>\n<h4><strong><em>1 Pannello led RGB \u2013\u00a0<\/em><\/strong><strong><em>1 Luce fissa LUPO lux<\/em><\/strong><\/h4>\n<p>Utilizzo questa attrezzatura sopra per regolare le situazioni di luce pi\u00f9 difficili. Di base, non amo l\u2019utilizzo del flash visto che amo e cerco di sfruttare appieno la luce naturale, con la quale gioco con fine creativo.<\/p>\n<p>\n<\/div><\/div><\/div><\/div><\/div><\/div><div class=\"bt_bb_row\"  data-bt-override-class=\"{}\"><div class=\"bt_bb_row_holder\" ><\/div><\/div><\/div><!-- cell_inner --><\/div><!-- cell --><\/div><!-- port --><\/section><section id=\"bt_bb_section69f1de8660a46\" class=\"bt_bb_section bt_bb_layout_boxed_1200\"  data-bt-override-class=\"null\"><div class=\"bt_bb_port\"><div class=\"bt_bb_cell\"><div class=\"bt_bb_cell_inner\"><div class=\"bt_bb_row\"  data-bt-override-class=\"{}\"><div class=\"bt_bb_row_holder\" ><div  class=\"bt_bb_column col-xxl-12 col-xl-12 col-xs-12 col-sm-12 col-md-12 col-lg-12 bt_bb_vertical_align_top bt_bb_align_left bt_bb_padding_normal\" style=\"; --column-width:12;\" data-width=\"12\" data-bt-override-class=\"{}\"><div class=\"bt_bb_column_content\"><div class=\"bt_bb_column_content_inner\"><div  class=\"bt_bb_text\" ><\/p>\n<h2><\/h2>\n<h4><strong><em>1 Drone, DJI Mini 2<\/em><\/strong><\/h4>\n<p>Il drone mi permette di rendere il racconto pi\u00f9 variegato grazie a prospettive originali e inedite. Lo trovo strepitoso per descrivere la location di un matrimonio o per scatti scenografici dall\u2019alto. Per realizzare video di matrimonio \u00e8 ideale grazie a un effetto di ripresa a dir poco cinematografico.<\/p>\n<p>\n<\/div><div class=\"bt_bb_separator bt_bb_border_style_none bt_bb_top_spacing_30 bt_bb_bottom_spacing_none\" data-bt-override-class=\"{&quot;bt_bb_top_spacing_&quot;:{&quot;current_class&quot;:&quot;bt_bb_top_spacing_30&quot;,&quot;def&quot;:&quot;30&quot;,&quot;xl&quot;:&quot;30&quot;},&quot;bt_bb_bottom_spacing_&quot;:{&quot;current_class&quot;:&quot;bt_bb_bottom_spacing_none&quot;,&quot;def&quot;:&quot;none&quot;,&quot;xl&quot;:&quot;none&quot;}}\"><\/div><\/div><\/div><\/div><\/div><\/div><div class=\"bt_bb_row\"  data-bt-override-class=\"{}\"><div class=\"bt_bb_row_holder\" ><\/div><\/div><\/div><!-- cell_inner --><\/div><!-- cell --><\/div><!-- port --><\/section><section id=\"bt_bb_section69f1de8660d80\" class=\"bt_bb_section bt_bb_layout_boxed_1200\"  data-bt-override-class=\"null\"><div class=\"bt_bb_port\"><div class=\"bt_bb_cell\"><div class=\"bt_bb_cell_inner\"><div class=\"bt_bb_row\"  data-bt-override-class=\"{}\"><div class=\"bt_bb_row_holder\" ><div  class=\"bt_bb_column col-xxl-12 col-xl-12 col-xs-12 col-sm-12 col-md-12 col-lg-12 bt_bb_vertical_align_top bt_bb_align_left bt_bb_padding_normal\" style=\"; --column-width:12;\" data-width=\"12\" data-bt-override-class=\"{}\"><div class=\"bt_bb_column_content\"><div class=\"bt_bb_column_content_inner\"><div  class=\"bt_bb_text\" ><\/p>\n<h2><\/h2>\n<h4><strong><em>Zaino WANDRAD<\/em><\/strong><\/h4>\n<p>Anche l\u2019occhio vuole la sua parte, soprattutto quando sono il fotografo ufficiale di un matrimonio. Comodit\u00e0 ed estetica sono importanti. Amo uno stile elegante e minimal al tempo stesso, e per questo scelgo il brand WANDRD. Anche l\u2019occhio vuole la sua parte!<\/p>\n<p>\n<\/div><div class=\"bt_bb_separator bt_bb_border_style_none bt_bb_top_spacing_30 bt_bb_bottom_spacing_none\" data-bt-override-class=\"{&quot;bt_bb_top_spacing_&quot;:{&quot;current_class&quot;:&quot;bt_bb_top_spacing_30&quot;,&quot;def&quot;:&quot;30&quot;,&quot;xl&quot;:&quot;30&quot;},&quot;bt_bb_bottom_spacing_&quot;:{&quot;current_class&quot;:&quot;bt_bb_bottom_spacing_none&quot;,&quot;def&quot;:&quot;none&quot;,&quot;xl&quot;:&quot;none&quot;}}\"><\/div><div  class=\"bt_bb_text\" ><\/p>\n<h2><\/h2>\n<h4><strong><em>Varie ed eventuali<\/em><\/strong><\/h4>\n<p>Per sopravvivere ai servizi fotografici matrimoniali e affrontarli serenamente porto sempre una bottiglietta d\u2019acqua naturale, caramelle alla liquirizia e farmaci per ogni evenienza.<\/p>\n<p>Spero che questo breve articolo sulla mia attrezzatura ti abbia detto qualcosa di pi\u00f9 sul mio modo di vedere la fotografia. Se vuoi saperne di pi\u00f9 sul mio lavoro o sulla mia filosofia di scatto, ti lascio il link alla pagina <a href=\"https:\/\/diegogiusti.it\/en\/fotografo-di-matrimonio-per-servizi-di-coppia-in-toscana\/\">consigli<\/a> oppure alle gallerie dei <a href=\"https:\/\/diegogiusti.it\/en\/fotografie-di-matrimonio-eleganti-e-romantiche-con-diego-giusti\/\">Real Wedding che ho scattato finora<\/a>.<\/p>\n<p>\n<\/div><div class=\"bt_bb_separator bt_bb_border_style_none bt_bb_top_spacing_normal bt_bb_bottom_spacing_normal\" data-bt-override-class=\"{&quot;bt_bb_top_spacing_&quot;:{&quot;current_class&quot;:&quot;bt_bb_top_spacing_normal&quot;,&quot;def&quot;:&quot;normal&quot;,&quot;xl&quot;:&quot;normal&quot;},&quot;bt_bb_bottom_spacing_&quot;:{&quot;current_class&quot;:&quot;bt_bb_bottom_spacing_normal&quot;,&quot;def&quot;:&quot;normal&quot;,&quot;xl&quot;:&quot;normal&quot;}}\"><\/div><\/div><\/div><\/div><\/div><\/div><div class=\"bt_bb_row\"  data-bt-override-class=\"{}\"><div class=\"bt_bb_row_holder\" ><\/div><\/div><\/div><!-- cell_inner --><\/div><!-- cell --><\/div><!-- port --><\/section><section id=\"bt_bb_section69f1de86612aa\" class=\"bt_bb_section bt_bb_layout_boxed_1200\"  data-bt-override-class=\"null\"><div class=\"bt_bb_port\"><div class=\"bt_bb_cell\"><div class=\"bt_bb_cell_inner\"><div class=\"bt_bb_row\"  data-bt-override-class=\"{}\"><div class=\"bt_bb_row_holder\" ><\/div><\/div><div class=\"bt_bb_row\"  data-bt-override-class=\"{}\"><div class=\"bt_bb_row_holder\" ><div  class=\"bt_bb_column col-xxl-12 col-xl-12 bt_bb_vertical_align_top bt_bb_align_center bt_bb_padding_normal bt_bb_animation_fade_in animate\" style=\"; --column-width:12;\" data-width=\"12\" data-bt-override-class=\"{}\"><div class=\"bt_bb_column_content\"><div class=\"bt_bb_column_content_inner\"><div class=\"bt_bb_content_slider bt_bb_gap_no_gap bt_bb_show_dots_bottom bt_bb_height_keep-height bt_bb_animation_fade bt_bb_animation_fade animate bt_bb_wide_content_show\" data-bt-override-class=\"{}\"><div class=\"slick-slider fade\"  data-slick='{ \"lazyLoad\": \"progressive\", \"cssEase\": \"ease-out\", \"speed\": \"600\", \"accessibility\": false, \"fade\": true, \"prevArrow\": \"&lt;button type=\\\"button\\\" class=\\\"slick-prev\\\" aria-label=\\\"Previous\\\" tabindex=\\\"0\\\" role=\\\"button\\\"&gt;&lt;\/button&gt;\", \"nextArrow\": \"&lt;button type=\\\"button\\\" class=\\\"slick-next\\\" aria-label=\\\"Next\\\" tabindex=\\\"0\\\" role=\\\"button\\\"&gt;&lt;\/button&gt;\", \"dots\": true,\"autoplay\": true, \"autoplaySpeed\": 3000}' ><div class=\"bt_bb_content_slider_item\"><div class=\"bt_bb_content_slider_item_content content\"><div class=\"bt_bb_image bt_bb_shape_square bt_bb_target_self bt_bb_align_inherit bt_bb_hover_style_simple bt_bb_content_display_always bt_bb_content_align_middle\" data-bt-override-class=\"{&quot;bt_bb_align_&quot;:{&quot;current_class&quot;:&quot;bt_bb_align_inherit&quot;,&quot;def&quot;:&quot;inherit&quot;,&quot;xl&quot;:&quot;inherit&quot;}}\"><span><img width=\"2560\" height=\"1707\" src=\"https:\/\/diegogiusti.it\/wp-content\/uploads\/2023\/04\/Diego-Giusti-studio-fotografico-livorno-toscana.webp\" class=\"attachment-full size-full\" alt=\"https:\/\/diegogiusti.it\/wp-content\/uploads\/2023\/04\/Diego-Giusti-studio-fotografico-livorno-toscana.webp\" decoding=\"async\" loading=\"lazy\" data-full_image_src=\"https:\/\/diegogiusti.it\/wp-content\/uploads\/2023\/04\/Diego-Giusti-studio-fotografico-livorno-toscana.webp\" title=\"Diego Giusti-studio-fotografico-livorno-toscana\" srcset=\"https:\/\/diegogiusti.it\/wp-content\/uploads\/2023\/04\/Diego-Giusti-studio-fotografico-livorno-toscana.webp 2560w, https:\/\/diegogiusti.it\/wp-content\/uploads\/2023\/04\/Diego-Giusti-studio-fotografico-livorno-toscana-640x427.webp 640w, https:\/\/diegogiusti.it\/wp-content\/uploads\/2023\/04\/Diego-Giusti-studio-fotografico-livorno-toscana-1280x854.webp 1280w, https:\/\/diegogiusti.it\/wp-content\/uploads\/2023\/04\/Diego-Giusti-studio-fotografico-livorno-toscana-768x512.webp 768w, https:\/\/diegogiusti.it\/wp-content\/uploads\/2023\/04\/Diego-Giusti-studio-fotografico-livorno-toscana-1536x1024.webp 1536w, https:\/\/diegogiusti.it\/wp-content\/uploads\/2023\/04\/Diego-Giusti-studio-fotografico-livorno-toscana-2048x1366.webp 2048w, https:\/\/diegogiusti.it\/wp-content\/uploads\/2023\/04\/Diego-Giusti-studio-fotografico-livorno-toscana-18x12.webp 18w, https:\/\/diegogiusti.it\/wp-content\/uploads\/2023\/04\/Diego-Giusti-studio-fotografico-livorno-toscana-320x213.webp 320w, https:\/\/diegogiusti.it\/wp-content\/uploads\/2023\/04\/Diego-Giusti-studio-fotografico-livorno-toscana-1080x720.webp 1080w, https:\/\/diegogiusti.it\/wp-content\/uploads\/2023\/04\/Diego-Giusti-studio-fotografico-livorno-toscana-540x360.webp 540w\" sizes=\"(max-width: 2560px) 100vw, 2560px\" \/><\/span><\/div><div class=\"bt_bb_separator bt_bb_border_style_none bt_bb_bottom_spacing_100\" data-bt-override-class=\"null\"><\/div><\/div><\/div><div class=\"bt_bb_content_slider_item\"><div class=\"bt_bb_content_slider_item_content content\"><div class=\"bt_bb_image bt_bb_shape_square bt_bb_target_self bt_bb_align_inherit bt_bb_hover_style_simple bt_bb_content_display_always bt_bb_content_align_middle\" data-bt-override-class=\"{&quot;bt_bb_align_&quot;:{&quot;current_class&quot;:&quot;bt_bb_align_inherit&quot;,&quot;def&quot;:&quot;inherit&quot;,&quot;xl&quot;:&quot;inherit&quot;}}\"><span><img width=\"2560\" height=\"1707\" src=\"https:\/\/diegogiusti.it\/wp-content\/uploads\/2023\/04\/Diego-Giusti-fotografo-matrimoni-livorno-toscana-1.webp\" class=\"attachment-full size-full\" alt=\"https:\/\/diegogiusti.it\/wp-content\/uploads\/2023\/04\/Diego-Giusti-fotografo-matrimoni-livorno-toscana-1.webp\" decoding=\"async\" loading=\"lazy\" data-full_image_src=\"https:\/\/diegogiusti.it\/wp-content\/uploads\/2023\/04\/Diego-Giusti-fotografo-matrimoni-livorno-toscana-1.webp\" title=\"Diego Giusti-fotografo-matrimoni-livorno-toscana\" srcset=\"https:\/\/diegogiusti.it\/wp-content\/uploads\/2023\/04\/Diego-Giusti-fotografo-matrimoni-livorno-toscana-1.webp 2560w, https:\/\/diegogiusti.it\/wp-content\/uploads\/2023\/04\/Diego-Giusti-fotografo-matrimoni-livorno-toscana-1-640x427.webp 640w, https:\/\/diegogiusti.it\/wp-content\/uploads\/2023\/04\/Diego-Giusti-fotografo-matrimoni-livorno-toscana-1-1280x854.webp 1280w, https:\/\/diegogiusti.it\/wp-content\/uploads\/2023\/04\/Diego-Giusti-fotografo-matrimoni-livorno-toscana-1-768x512.webp 768w, https:\/\/diegogiusti.it\/wp-content\/uploads\/2023\/04\/Diego-Giusti-fotografo-matrimoni-livorno-toscana-1-1536x1024.webp 1536w, https:\/\/diegogiusti.it\/wp-content\/uploads\/2023\/04\/Diego-Giusti-fotografo-matrimoni-livorno-toscana-1-2048x1366.webp 2048w, https:\/\/diegogiusti.it\/wp-content\/uploads\/2023\/04\/Diego-Giusti-fotografo-matrimoni-livorno-toscana-1-18x12.webp 18w, https:\/\/diegogiusti.it\/wp-content\/uploads\/2023\/04\/Diego-Giusti-fotografo-matrimoni-livorno-toscana-1-320x213.webp 320w, https:\/\/diegogiusti.it\/wp-content\/uploads\/2023\/04\/Diego-Giusti-fotografo-matrimoni-livorno-toscana-1-1080x720.webp 1080w, https:\/\/diegogiusti.it\/wp-content\/uploads\/2023\/04\/Diego-Giusti-fotografo-matrimoni-livorno-toscana-1-540x360.webp 540w\" sizes=\"(max-width: 2560px) 100vw, 2560px\" \/><\/span><\/div><div class=\"bt_bb_separator bt_bb_border_style_none bt_bb_bottom_spacing_100\" data-bt-override-class=\"null\"><\/div><\/div><\/div><div class=\"bt_bb_content_slider_item\"><div class=\"bt_bb_content_slider_item_content content\"><div class=\"bt_bb_image bt_bb_shape_square bt_bb_target_self bt_bb_align_inherit bt_bb_hover_style_simple bt_bb_content_display_always bt_bb_content_align_middle\" data-bt-override-class=\"{&quot;bt_bb_align_&quot;:{&quot;current_class&quot;:&quot;bt_bb_align_inherit&quot;,&quot;def&quot;:&quot;inherit&quot;,&quot;xl&quot;:&quot;inherit&quot;}}\"><span><img width=\"2560\" height=\"1707\" src=\"https:\/\/diegogiusti.it\/wp-content\/uploads\/2023\/04\/Diego-Giusti-fotografo-livorno-toscana.webp\" class=\"attachment-full size-full\" alt=\"https:\/\/diegogiusti.it\/wp-content\/uploads\/2023\/04\/Diego-Giusti-fotografo-livorno-toscana.webp\" decoding=\"async\" loading=\"lazy\" data-full_image_src=\"https:\/\/diegogiusti.it\/wp-content\/uploads\/2023\/04\/Diego-Giusti-fotografo-livorno-toscana.webp\" title=\"Diego Giusti-fotografo-livorno-toscana\" srcset=\"https:\/\/diegogiusti.it\/wp-content\/uploads\/2023\/04\/Diego-Giusti-fotografo-livorno-toscana.webp 2560w, https:\/\/diegogiusti.it\/wp-content\/uploads\/2023\/04\/Diego-Giusti-fotografo-livorno-toscana-640x427.webp 640w, https:\/\/diegogiusti.it\/wp-content\/uploads\/2023\/04\/Diego-Giusti-fotografo-livorno-toscana-1280x854.webp 1280w, https:\/\/diegogiusti.it\/wp-content\/uploads\/2023\/04\/Diego-Giusti-fotografo-livorno-toscana-768x512.webp 768w, https:\/\/diegogiusti.it\/wp-content\/uploads\/2023\/04\/Diego-Giusti-fotografo-livorno-toscana-1536x1024.webp 1536w, https:\/\/diegogiusti.it\/wp-content\/uploads\/2023\/04\/Diego-Giusti-fotografo-livorno-toscana-2048x1366.webp 2048w, https:\/\/diegogiusti.it\/wp-content\/uploads\/2023\/04\/Diego-Giusti-fotografo-livorno-toscana-18x12.webp 18w, https:\/\/diegogiusti.it\/wp-content\/uploads\/2023\/04\/Diego-Giusti-fotografo-livorno-toscana-320x213.webp 320w, https:\/\/diegogiusti.it\/wp-content\/uploads\/2023\/04\/Diego-Giusti-fotografo-livorno-toscana-1080x720.webp 1080w, https:\/\/diegogiusti.it\/wp-content\/uploads\/2023\/04\/Diego-Giusti-fotografo-livorno-toscana-540x360.webp 540w\" sizes=\"(max-width: 2560px) 100vw, 2560px\" \/><\/span><\/div><div class=\"bt_bb_separator bt_bb_border_style_none bt_bb_bottom_spacing_100\" data-bt-override-class=\"null\"><\/div><\/div><\/div><div class=\"bt_bb_content_slider_item\"><div class=\"bt_bb_content_slider_item_content content\"><div class=\"bt_bb_image bt_bb_shape_square bt_bb_target_self bt_bb_align_inherit bt_bb_hover_style_simple bt_bb_content_display_always bt_bb_content_align_middle\" data-bt-override-class=\"{&quot;bt_bb_align_&quot;:{&quot;current_class&quot;:&quot;bt_bb_align_inherit&quot;,&quot;def&quot;:&quot;inherit&quot;,&quot;xl&quot;:&quot;inherit&quot;}}\"><span><img width=\"2560\" height=\"1707\" src=\"https:\/\/diegogiusti.it\/wp-content\/uploads\/2023\/04\/Diego-Giusti-fotografo-a-livorno-toscana.webp\" class=\"attachment-full size-full\" alt=\"https:\/\/diegogiusti.it\/wp-content\/uploads\/2023\/04\/Diego-Giusti-fotografo-a-livorno-toscana.webp\" decoding=\"async\" loading=\"lazy\" data-full_image_src=\"https:\/\/diegogiusti.it\/wp-content\/uploads\/2023\/04\/Diego-Giusti-fotografo-a-livorno-toscana.webp\" title=\"Diego Giusti-fotografo-a-livorno-toscana\" srcset=\"https:\/\/diegogiusti.it\/wp-content\/uploads\/2023\/04\/Diego-Giusti-fotografo-a-livorno-toscana.webp 2560w, https:\/\/diegogiusti.it\/wp-content\/uploads\/2023\/04\/Diego-Giusti-fotografo-a-livorno-toscana-640x427.webp 640w, https:\/\/diegogiusti.it\/wp-content\/uploads\/2023\/04\/Diego-Giusti-fotografo-a-livorno-toscana-1280x854.webp 1280w, https:\/\/diegogiusti.it\/wp-content\/uploads\/2023\/04\/Diego-Giusti-fotografo-a-livorno-toscana-768x512.webp 768w, https:\/\/diegogiusti.it\/wp-content\/uploads\/2023\/04\/Diego-Giusti-fotografo-a-livorno-toscana-1536x1024.webp 1536w, https:\/\/diegogiusti.it\/wp-content\/uploads\/2023\/04\/Diego-Giusti-fotografo-a-livorno-toscana-2048x1366.webp 2048w, https:\/\/diegogiusti.it\/wp-content\/uploads\/2023\/04\/Diego-Giusti-fotografo-a-livorno-toscana-18x12.webp 18w, https:\/\/diegogiusti.it\/wp-content\/uploads\/2023\/04\/Diego-Giusti-fotografo-a-livorno-toscana-320x213.webp 320w, https:\/\/diegogiusti.it\/wp-content\/uploads\/2023\/04\/Diego-Giusti-fotografo-a-livorno-toscana-1080x720.webp 1080w, https:\/\/diegogiusti.it\/wp-content\/uploads\/2023\/04\/Diego-Giusti-fotografo-a-livorno-toscana-540x360.webp 540w\" sizes=\"(max-width: 2560px) 100vw, 2560px\" \/><\/span><\/div><div class=\"bt_bb_separator bt_bb_border_style_none bt_bb_bottom_spacing_100\" data-bt-override-class=\"null\"><\/div><\/div><\/div><div class=\"bt_bb_content_slider_item\"><div class=\"bt_bb_content_slider_item_content content\"><div class=\"bt_bb_image bt_bb_shape_square bt_bb_target_self bt_bb_align_inherit bt_bb_hover_style_simple bt_bb_content_display_always bt_bb_content_align_middle\" data-bt-override-class=\"{&quot;bt_bb_align_&quot;:{&quot;current_class&quot;:&quot;bt_bb_align_inherit&quot;,&quot;def&quot;:&quot;inherit&quot;,&quot;xl&quot;:&quot;inherit&quot;}}\"><span><img width=\"2560\" height=\"1707\" src=\"https:\/\/diegogiusti.it\/wp-content\/uploads\/2023\/04\/Diego-Giusti-fotografo-nikon-z6-livorno-toscana.webp\" class=\"attachment-full size-full\" alt=\"https:\/\/diegogiusti.it\/wp-content\/uploads\/2023\/04\/Diego-Giusti-fotografo-nikon-z6-livorno-toscana.webp\" decoding=\"async\" loading=\"lazy\" data-full_image_src=\"https:\/\/diegogiusti.it\/wp-content\/uploads\/2023\/04\/Diego-Giusti-fotografo-nikon-z6-livorno-toscana.webp\" title=\"Diego Giusti-fotografo-nikon-z6-livorno-toscana\" srcset=\"https:\/\/diegogiusti.it\/wp-content\/uploads\/2023\/04\/Diego-Giusti-fotografo-nikon-z6-livorno-toscana.webp 2560w, https:\/\/diegogiusti.it\/wp-content\/uploads\/2023\/04\/Diego-Giusti-fotografo-nikon-z6-livorno-toscana-640x427.webp 640w, https:\/\/diegogiusti.it\/wp-content\/uploads\/2023\/04\/Diego-Giusti-fotografo-nikon-z6-livorno-toscana-1280x854.webp 1280w, https:\/\/diegogiusti.it\/wp-content\/uploads\/2023\/04\/Diego-Giusti-fotografo-nikon-z6-livorno-toscana-768x512.webp 768w, https:\/\/diegogiusti.it\/wp-content\/uploads\/2023\/04\/Diego-Giusti-fotografo-nikon-z6-livorno-toscana-1536x1024.webp 1536w, https:\/\/diegogiusti.it\/wp-content\/uploads\/2023\/04\/Diego-Giusti-fotografo-nikon-z6-livorno-toscana-2048x1366.webp 2048w, https:\/\/diegogiusti.it\/wp-content\/uploads\/2023\/04\/Diego-Giusti-fotografo-nikon-z6-livorno-toscana-18x12.webp 18w, https:\/\/diegogiusti.it\/wp-content\/uploads\/2023\/04\/Diego-Giusti-fotografo-nikon-z6-livorno-toscana-320x213.webp 320w, https:\/\/diegogiusti.it\/wp-content\/uploads\/2023\/04\/Diego-Giusti-fotografo-nikon-z6-livorno-toscana-1080x720.webp 1080w, https:\/\/diegogiusti.it\/wp-content\/uploads\/2023\/04\/Diego-Giusti-fotografo-nikon-z6-livorno-toscana-540x360.webp 540w\" sizes=\"(max-width: 2560px) 100vw, 2560px\" \/><\/span><\/div><div class=\"bt_bb_separator bt_bb_border_style_none bt_bb_bottom_spacing_100\" data-bt-override-class=\"null\"><\/div><\/div><\/div><\/div><\/div><\/div><\/div><\/div><\/div><\/div><\/div><!-- cell_inner --><\/div><!-- cell --><\/div><!-- port --><\/section><\/p>","protected":false},"excerpt":{"rendered":"<p>Palo santo thundercats fingerstache man braid lomo, hashtag poke forage DIY keytar tilde. Letterpress poke kogi skateboard. Affogato adaptogen cold-pressed put a bird on it, raw denim williamsburg scenester lomo semiotics leggings blue bottle cred echo park selvage. Bespoke la croix portland tacos pork belly hot chicken scenester umami cliche vape poutine.<\/p>","protected":false},"author":2,"featured_media":6080,"comment_status":"closed","ping_status":"open","sticky":false,"template":"","format":"standard","meta":[],"categories":[88],"tags":[82,94,102,123,124,126,122],"yoast_head":"<!-- This site is optimized with the Yoast SEO plugin v21.1 - https:\/\/yoast.com\/wordpress\/plugins\/seo\/ -->\n<title>La mia attrezzatura come fotografo di matrimoni - Diego Giusti Fotografo matrimoni Toscana<\/title>\n<meta name=\"description\" content=\"L\u2019attrezzatura dice molto di un fotografo e del suo modo di scattare. per capire l\u2019approccio al servizio ma anche per avere conferma della qualit\u00e0 dello stesso\" \/>\n<meta name=\"robots\" content=\"index, follow, max-snippet:-1, max-image-preview:large, max-video-preview:-1\" \/>\n<link rel=\"canonical\" href=\"https:\/\/diegogiusti.it\/en\/la-mia-attrezzatura-come-fotografo-di-matrimoni\/\" \/>\n<meta property=\"og:locale\" content=\"en_GB\" \/>\n<meta property=\"og:type\" content=\"article\" \/>\n<meta property=\"og:title\" content=\"La mia attrezzatura come fotografo di matrimoni - Diego Giusti Fotografo matrimoni Toscana\" \/>\n<meta property=\"og:description\" content=\"L\u2019attrezzatura dice molto di un fotografo e del suo modo di scattare. per capire l\u2019approccio al servizio ma anche per avere conferma della qualit\u00e0 dello stesso\" \/>\n<meta property=\"og:url\" content=\"https:\/\/diegogiusti.it\/en\/la-mia-attrezzatura-come-fotografo-di-matrimoni\/\" \/>\n<meta property=\"og:site_name\" content=\"Diego Giusti Fotografo matrimoni Toscana\" \/>\n<meta property=\"article:publisher\" content=\"https:\/\/www.facebook.com\/diego.giusti.fotografo.livorno\" \/>\n<meta property=\"article:published_time\" content=\"2023-04-05T22:40:03+00:00\" \/>\n<meta property=\"article:modified_time\" content=\"2023-04-11T07:39:41+00:00\" \/>\n<meta property=\"og:image\" content=\"https:\/\/diegogiusti.it\/wp-content\/uploads\/2023\/04\/NIKKOR_Z_LINEUP_July_2020_en_EU.jpg\" \/>\n\t<meta property=\"og:image:width\" content=\"1650\" \/>\n\t<meta property=\"og:image:height\" content=\"1050\" \/>\n\t<meta property=\"og:image:type\" content=\"image\/jpeg\" \/>\n<meta name=\"author\" content=\"Diego Giusti\" \/>\n<meta name=\"twitter:card\" content=\"summary_large_image\" \/>\n<meta name=\"twitter:label1\" content=\"Written by\" \/>\n\t<meta name=\"twitter:data1\" content=\"Diego Giusti\" \/>\n\t<meta name=\"twitter:label2\" content=\"Estimated reading time\" \/>\n\t<meta name=\"twitter:data2\" content=\"7 minutes\" \/>\n<script type=\"application\/ld+json\" class=\"yoast-schema-graph\">{\"@context\":\"https:\/\/schema.org\",\"@graph\":[{\"@type\":\"Article\",\"@id\":\"https:\/\/diegogiusti.it\/la-mia-attrezzatura-come-fotografo-di-matrimoni\/#article\",\"isPartOf\":{\"@id\":\"https:\/\/diegogiusti.it\/la-mia-attrezzatura-come-fotografo-di-matrimoni\/\"},\"author\":{\"name\":\"Diego Giusti\",\"@id\":\"https:\/\/diegogiusti.it\/#\/schema\/person\/4ed7e8459b550b8b206ed3b454d642dc\"},\"headline\":\"La mia attrezzatura come fotografo di matrimoni\",\"datePublished\":\"2023-04-05T22:40:03+00:00\",\"dateModified\":\"2023-04-11T07:39:41+00:00\",\"mainEntityOfPage\":{\"@id\":\"https:\/\/diegogiusti.it\/la-mia-attrezzatura-come-fotografo-di-matrimoni\/\"},\"wordCount\":2453,\"publisher\":{\"@id\":\"https:\/\/diegogiusti.it\/#organization\"},\"keywords\":[\"fotografo\",\"fotografo di matrimonio\",\"fotografo livorno\",\"mirrorless\",\"nikon\",\"nikon z6 II\",\"reflex\"],\"articleSection\":[\"Consigli matrimoni\"],\"inLanguage\":\"en-GB\"},{\"@type\":\"WebPage\",\"@id\":\"https:\/\/diegogiusti.it\/la-mia-attrezzatura-come-fotografo-di-matrimoni\/\",\"url\":\"https:\/\/diegogiusti.it\/la-mia-attrezzatura-come-fotografo-di-matrimoni\/\",\"name\":\"La mia attrezzatura come fotografo di matrimoni - Diego Giusti Fotografo matrimoni Toscana\",\"isPartOf\":{\"@id\":\"https:\/\/diegogiusti.it\/#website\"},\"datePublished\":\"2023-04-05T22:40:03+00:00\",\"dateModified\":\"2023-04-11T07:39:41+00:00\",\"description\":\"L\u2019attrezzatura dice molto di un fotografo e del suo modo di scattare. per capire l\u2019approccio al servizio ma anche per avere conferma della qualit\u00e0 dello stesso\",\"breadcrumb\":{\"@id\":\"https:\/\/diegogiusti.it\/la-mia-attrezzatura-come-fotografo-di-matrimoni\/#breadcrumb\"},\"inLanguage\":\"en-GB\",\"potentialAction\":[{\"@type\":\"ReadAction\",\"target\":[\"https:\/\/diegogiusti.it\/la-mia-attrezzatura-come-fotografo-di-matrimoni\/\"]}]},{\"@type\":\"BreadcrumbList\",\"@id\":\"https:\/\/diegogiusti.it\/la-mia-attrezzatura-come-fotografo-di-matrimoni\/#breadcrumb\",\"itemListElement\":[{\"@type\":\"ListItem\",\"position\":1,\"name\":\"Home\",\"item\":\"https:\/\/diegogiusti.it\/\"},{\"@type\":\"ListItem\",\"position\":2,\"name\":\"La mia attrezzatura come fotografo di matrimoni\"}]},{\"@type\":\"WebSite\",\"@id\":\"https:\/\/diegogiusti.it\/#website\",\"url\":\"https:\/\/diegogiusti.it\/\",\"name\":\"Diego Giusti Fotografo matrimoni Toscana\",\"description\":\"Diego Giusti Fotografo per Matrimoni a Livorno\",\"publisher\":{\"@id\":\"https:\/\/diegogiusti.it\/#organization\"},\"potentialAction\":[{\"@type\":\"SearchAction\",\"target\":{\"@type\":\"EntryPoint\",\"urlTemplate\":\"https:\/\/diegogiusti.it\/?s={search_term_string}\"},\"query-input\":\"required name=search_term_string\"}],\"inLanguage\":\"en-GB\"},{\"@type\":\"Organization\",\"@id\":\"https:\/\/diegogiusti.it\/#organization\",\"name\":\"Diego Giusti Fotografo matrimoni Toscana\",\"url\":\"https:\/\/diegogiusti.it\/\",\"logo\":{\"@type\":\"ImageObject\",\"inLanguage\":\"en-GB\",\"@id\":\"https:\/\/diegogiusti.it\/#\/schema\/logo\/image\/\",\"url\":\"https:\/\/diegogiusti.it\/wp-content\/uploads\/2022\/10\/Diego-Giusti-logo_fotografo-matrimoni2.png\",\"contentUrl\":\"https:\/\/diegogiusti.it\/wp-content\/uploads\/2022\/10\/Diego-Giusti-logo_fotografo-matrimoni2.png\",\"width\":1653,\"height\":413,\"caption\":\"Diego Giusti Fotografo matrimoni Toscana\"},\"image\":{\"@id\":\"https:\/\/diegogiusti.it\/#\/schema\/logo\/image\/\"},\"sameAs\":[\"https:\/\/www.facebook.com\/diego.giusti.fotografo.livorno\",\"https:\/\/www.instagram.com\/diegogiusti_fotografo\/\"]},{\"@type\":\"Person\",\"@id\":\"https:\/\/diegogiusti.it\/#\/schema\/person\/4ed7e8459b550b8b206ed3b454d642dc\",\"name\":\"Diego Giusti\",\"image\":{\"@type\":\"ImageObject\",\"inLanguage\":\"en-GB\",\"@id\":\"https:\/\/diegogiusti.it\/#\/schema\/person\/image\/\",\"url\":\"https:\/\/secure.gravatar.com\/avatar\/f07244f388691fc2ba1d41e6e3495a67?s=96&d=mm&r=g\",\"contentUrl\":\"https:\/\/secure.gravatar.com\/avatar\/f07244f388691fc2ba1d41e6e3495a67?s=96&d=mm&r=g\",\"caption\":\"Diego Giusti\"},\"url\":\"https:\/\/diegogiusti.it\/en\/author\/diego-giusti\/\"}]}<\/script>\n<!-- \/ Yoast SEO plugin. -->","yoast_head_json":{"title":"La mia attrezzatura come fotografo di matrimoni - Diego Giusti Fotografo matrimoni Toscana","description":"L\u2019attrezzatura dice molto di un fotografo e del suo modo di scattare. per capire l\u2019approccio al servizio ma anche per avere conferma della qualit\u00e0 dello stesso","robots":{"index":"index","follow":"follow","max-snippet":"max-snippet:-1","max-image-preview":"max-image-preview:large","max-video-preview":"max-video-preview:-1"},"canonical":"https:\/\/diegogiusti.it\/en\/la-mia-attrezzatura-come-fotografo-di-matrimoni\/","og_locale":"en_GB","og_type":"article","og_title":"La mia attrezzatura come fotografo di matrimoni - Diego Giusti Fotografo matrimoni Toscana","og_description":"L\u2019attrezzatura dice molto di un fotografo e del suo modo di scattare. per capire l\u2019approccio al servizio ma anche per avere conferma della qualit\u00e0 dello stesso","og_url":"https:\/\/diegogiusti.it\/en\/la-mia-attrezzatura-come-fotografo-di-matrimoni\/","og_site_name":"Diego Giusti Fotografo matrimoni Toscana","article_publisher":"https:\/\/www.facebook.com\/diego.giusti.fotografo.livorno","article_published_time":"2023-04-05T22:40:03+00:00","article_modified_time":"2023-04-11T07:39:41+00:00","og_image":[{"width":1650,"height":1050,"url":"https:\/\/diegogiusti.it\/wp-content\/uploads\/2023\/04\/NIKKOR_Z_LINEUP_July_2020_en_EU.jpg","type":"image\/jpeg"}],"author":"Diego Giusti","twitter_card":"summary_large_image","twitter_misc":{"Written by":"Diego Giusti","Estimated reading time":"7 minutes"},"schema":{"@context":"https:\/\/schema.org","@graph":[{"@type":"Article","@id":"https:\/\/diegogiusti.it\/la-mia-attrezzatura-come-fotografo-di-matrimoni\/#article","isPartOf":{"@id":"https:\/\/diegogiusti.it\/la-mia-attrezzatura-come-fotografo-di-matrimoni\/"},"author":{"name":"Diego Giusti","@id":"https:\/\/diegogiusti.it\/#\/schema\/person\/4ed7e8459b550b8b206ed3b454d642dc"},"headline":"La mia attrezzatura come fotografo di matrimoni","datePublished":"2023-04-05T22:40:03+00:00","dateModified":"2023-04-11T07:39:41+00:00","mainEntityOfPage":{"@id":"https:\/\/diegogiusti.it\/la-mia-attrezzatura-come-fotografo-di-matrimoni\/"},"wordCount":2453,"publisher":{"@id":"https:\/\/diegogiusti.it\/#organization"},"keywords":["fotografo","fotografo di matrimonio","fotografo livorno","mirrorless","nikon","nikon z6 II","reflex"],"articleSection":["Consigli matrimoni"],"inLanguage":"en-GB"},{"@type":"WebPage","@id":"https:\/\/diegogiusti.it\/la-mia-attrezzatura-come-fotografo-di-matrimoni\/","url":"https:\/\/diegogiusti.it\/la-mia-attrezzatura-come-fotografo-di-matrimoni\/","name":"La mia attrezzatura come fotografo di matrimoni - Diego Giusti Fotografo matrimoni Toscana","isPartOf":{"@id":"https:\/\/diegogiusti.it\/#website"},"datePublished":"2023-04-05T22:40:03+00:00","dateModified":"2023-04-11T07:39:41+00:00","description":"L\u2019attrezzatura dice molto di un fotografo e del suo modo di scattare. per capire l\u2019approccio al servizio ma anche per avere conferma della qualit\u00e0 dello stesso","breadcrumb":{"@id":"https:\/\/diegogiusti.it\/la-mia-attrezzatura-come-fotografo-di-matrimoni\/#breadcrumb"},"inLanguage":"en-GB","potentialAction":[{"@type":"ReadAction","target":["https:\/\/diegogiusti.it\/la-mia-attrezzatura-come-fotografo-di-matrimoni\/"]}]},{"@type":"BreadcrumbList","@id":"https:\/\/diegogiusti.it\/la-mia-attrezzatura-come-fotografo-di-matrimoni\/#breadcrumb","itemListElement":[{"@type":"ListItem","position":1,"name":"Home","item":"https:\/\/diegogiusti.it\/"},{"@type":"ListItem","position":2,"name":"La mia attrezzatura come fotografo di matrimoni"}]},{"@type":"WebSite","@id":"https:\/\/diegogiusti.it\/#website","url":"https:\/\/diegogiusti.it\/","name":"Diego Giusti Fotografo matrimoni Toscana","description":"Diego Giusti Wedding Photographer in Livorno","publisher":{"@id":"https:\/\/diegogiusti.it\/#organization"},"potentialAction":[{"@type":"SearchAction","target":{"@type":"EntryPoint","urlTemplate":"https:\/\/diegogiusti.it\/?s={search_term_string}"},"query-input":"required name=search_term_string"}],"inLanguage":"en-GB"},{"@type":"Organization","@id":"https:\/\/diegogiusti.it\/#organization","name":"Diego Giusti Fotografo matrimoni Toscana","url":"https:\/\/diegogiusti.it\/","logo":{"@type":"ImageObject","inLanguage":"en-GB","@id":"https:\/\/diegogiusti.it\/#\/schema\/logo\/image\/","url":"https:\/\/diegogiusti.it\/wp-content\/uploads\/2022\/10\/Diego-Giusti-logo_fotografo-matrimoni2.png","contentUrl":"https:\/\/diegogiusti.it\/wp-content\/uploads\/2022\/10\/Diego-Giusti-logo_fotografo-matrimoni2.png","width":1653,"height":413,"caption":"Diego Giusti Fotografo matrimoni Toscana"},"image":{"@id":"https:\/\/diegogiusti.it\/#\/schema\/logo\/image\/"},"sameAs":["https:\/\/www.facebook.com\/diego.giusti.fotografo.livorno","https:\/\/www.instagram.com\/diegogiusti_fotografo\/"]},{"@type":"Person","@id":"https:\/\/diegogiusti.it\/#\/schema\/person\/4ed7e8459b550b8b206ed3b454d642dc","name":"Diego Giusti","image":{"@type":"ImageObject","inLanguage":"en-GB","@id":"https:\/\/diegogiusti.it\/#\/schema\/person\/image\/","url":"https:\/\/secure.gravatar.com\/avatar\/f07244f388691fc2ba1d41e6e3495a67?s=96&d=mm&r=g","contentUrl":"https:\/\/secure.gravatar.com\/avatar\/f07244f388691fc2ba1d41e6e3495a67?s=96&d=mm&r=g","caption":"Diego Giusti"},"url":"https:\/\/diegogiusti.it\/en\/author\/diego-giusti\/"}]}},"_links":{"self":[{"href":"https:\/\/diegogiusti.it\/en\/wp-json\/wp\/v2\/posts\/6041"}],"collection":[{"href":"https:\/\/diegogiusti.it\/en\/wp-json\/wp\/v2\/posts"}],"about":[{"href":"https:\/\/diegogiusti.it\/en\/wp-json\/wp\/v2\/types\/post"}],"author":[{"embeddable":true,"href":"https:\/\/diegogiusti.it\/en\/wp-json\/wp\/v2\/users\/2"}],"replies":[{"embeddable":true,"href":"https:\/\/diegogiusti.it\/en\/wp-json\/wp\/v2\/comments?post=6041"}],"version-history":[{"count":19,"href":"https:\/\/diegogiusti.it\/en\/wp-json\/wp\/v2\/posts\/6041\/revisions"}],"predecessor-version":[{"id":6076,"href":"https:\/\/diegogiusti.it\/en\/wp-json\/wp\/v2\/posts\/6041\/revisions\/6076"}],"wp:featuredmedia":[{"embeddable":true,"href":"https:\/\/diegogiusti.it\/en\/wp-json\/wp\/v2\/media\/6080"}],"wp:attachment":[{"href":"https:\/\/diegogiusti.it\/en\/wp-json\/wp\/v2\/media?parent=6041"}],"wp:term":[{"taxonomy":"category","embeddable":true,"href":"https:\/\/diegogiusti.it\/en\/wp-json\/wp\/v2\/categories?post=6041"},{"taxonomy":"post_tag","embeddable":true,"href":"https:\/\/diegogiusti.it\/en\/wp-json\/wp\/v2\/tags?post=6041"}],"curies":[{"name":"wp","href":"https:\/\/api.w.org\/{rel}","templated":true}]}}